{"id":9904,"date":"2024-12-15T12:14:17","date_gmt":"2024-12-15T15:14:17","guid":{"rendered":"https:\/\/www.sigoweb.com.br\/site\/?p=9904"},"modified":"2025-02-13T11:58:54","modified_gmt":"2025-02-13T14:58:54","slug":"riscos-psicossociais-no-pgr-o-que-explica-a-baixa-prevalencia","status":"publish","type":"post","link":"https:\/\/www.sigoweb.com.br\/site\/riscos-psicossociais-no-pgr-o-que-explica-a-baixa-prevalencia\/","title":{"rendered":"Riscos psicossociais no PGR: o que explica a baixa preval\u00eancia?"},"content":{"rendered":"<h5 style=\"text-align: justify;\">A partir de 26 de maio de 2025, as empresas brasileiras ter\u00e3o que incluir a identifica\u00e7\u00e3o e o gerenciamento dos riscos psicossociais no Programa de Gerenciamento de Riscos (PGR) (1).<\/h5>\n<p><img fetchpriority=\"high\" decoding=\"async\" class=\" wp-image-9913 aligncenter\" src=\"https:\/\/www.sigoweb.com.br\/site\/wp-content\/uploads\/2024\/12\/ScreenHunter_712-Dec.-16-07.59.jpg\" alt=\"\" width=\"583\" height=\"379\" srcset=\"https:\/\/www.sigoweb.com.br\/site\/wp-content\/uploads\/2024\/12\/ScreenHunter_712-Dec.-16-07.59.jpg 982w, https:\/\/www.sigoweb.com.br\/site\/wp-content\/uploads\/2024\/12\/ScreenHunter_712-Dec.-16-07.59-300x195.jpg 300w, https:\/\/www.sigoweb.com.br\/site\/wp-content\/uploads\/2024\/12\/ScreenHunter_712-Dec.-16-07.59-768x499.jpg 768w\" sizes=\"(max-width: 583px) 100vw, 583px\" \/><\/p>\n<p>&nbsp;<\/p>\n<h5 style=\"text-align: justify;\">Estat\u00edsticas do INSS (2) de benef\u00edcios acident\u00e1rios mostram acidentes t\u00edpicos com 60% do total de benef\u00edcios concedidos, enquanto os por doen\u00e7as osteomusculares s\u00e3o de 10%, sendo 5 vezes mais do que os 2% das doen\u00e7as psicossociais.<\/h5>\n<h5 style=\"text-align: justify;\"><strong>Se pode argumentar que a realidade dessas \u00faltimas \u00e9 mais complexa e possivelmente subnotificada ou subdiagnosticada, por algumas raz\u00f5es:<\/strong><\/h5>\n<h5 style=\"text-align: justify;\">\u2022 Dificuldade de comprova\u00e7\u00e3o do nexo causal: Estabelecer a rela\u00e7\u00e3o direta entre as doen\u00e7as psicossociais e o trabalho \u00e9 mais desafiador do que em acidentes t\u00edpicos. A natureza multifatorial dessas doen\u00e7as, que envolvem aspectos da vida pessoal e profissional, dificulta a atribui\u00e7\u00e3o exclusiva do problema ao ambiente de trabalho.<\/h5>\n<h5 style=\"text-align: justify;\">\u2022 Subnotifica\u00e7\u00e3o: Muitos trabalhadores podem n\u00e3o reconhecer ou relatar os sintomas de doen\u00e7as psicossociais, seja por medo de estigma, desconhecimento ou receio de repres\u00e1lias no trabalho. Al\u00e9m disso, o pr\u00f3prio profissional de sa\u00fade pode n\u00e3o estar suficientemente capacitado para identificar e diagnosticar essas condi\u00e7\u00f5es dentro do contexto ocupacional.<\/h5>\n<h5 style=\"text-align: justify;\">\u2022 Longo per\u00edodo de lat\u00eancia: As doen\u00e7as psicossociais muitas vezes se desenvolvem gradualmente ao longo do tempo, tornando dif\u00edcil precisar o momento exato em que se tornaram um problema relacionado ao trabalho. Isso dificulta a associa\u00e7\u00e3o direta com a atividade laboral para fins de benef\u00edcio acident\u00e1rio.<\/h5>\n<h5><\/h5>\n<h3 style=\"text-align: justify;\">Consequ\u00eancias da poss\u00edvel subnotifica\u00e7\u00e3o:<\/h3>\n<h5 style=\"text-align: justify;\"><span style=\"font-size: 16px;\">A subnotifica\u00e7\u00e3o das doen\u00e7as psicossociais tem s\u00e9rias consequ\u00eancias, tanto para os trabalhadores quanto para as empresas. Os trabalhadores afetados podem n\u00e3o receber o tratamento e o suporte adequados, levando a um agravamento do quadro e a um maior per\u00edodo de afastamento do trabalho.<\/span><\/h5>\n<h5 style=\"text-align: justify;\">Para as empresas, a falta de visibilidade sobre a real magnitude do problema impede a implementa\u00e7\u00e3o de medidas preventivas eficazes.<\/h5>\n<p>&nbsp;<\/p>\n<h3 style=\"text-align: justify;\"><strong>O que penso sobre essa grande disparidade de n\u00fameros:<\/strong><\/h3>\n<h5 style=\"text-align: justify;\">Acidentes com grande n\u00famero de v\u00edtimas naturalmente chamam muita aten\u00e7\u00e3o e exigem recursos urgentes. A dor f\u00edsica e as mutila\u00e7\u00f5es s\u00e3o impactantes e requerem tratamento e apoio imediatos.<\/h5>\n<h5 style=\"text-align: justify;\">Doen\u00e7as ocupacionais tamb\u00e9m exigem aten\u00e7\u00e3o mas observe-se que as doen\u00e7as osteomusculares ocorrem em um n\u00famero muito maior do que as psicossociais. Embora a sa\u00fade mental, depress\u00e3o e estresse, sejam problemas graves que afetam muitas pessoas, os n\u00fameros mostram que sua preval\u00eancia n\u00e3o tem rela\u00e7\u00e3o com a import\u00e2ncia epidemiol\u00f3gica que lhe est\u00e1 sendo atribu\u00edda.<\/h5>\n<h5 style=\"text-align: justify;\">Not\u00edcia como essa que aparece no site do TRT da 13\u00aa Regi\u00e3o (Para\u00edba) (3) n\u00e3o \u00e9 incorreta mas encerra uma fal\u00e1cia: \u201cTranstornos mentais s\u00e3o a terceira maior causa de afastamento do trabalho no Brasil\u201d.<\/h5>\n<h5 style=\"text-align: justify;\">A quest\u00e3o \u00e9 que todas necessitam de aten\u00e7\u00e3o, recursos adequados, compaix\u00e3o e investimento para garantir o bem-estar dos trabalhadores como um todo.<\/h5>\n<h5 style=\"text-align: justify;\">E uma pergunta provoca\u00e7\u00e3o, onde toda eventual resposta \u00e9 sempre correta : Se voc\u00ea tivesse um or\u00e7amento limitado para adotar a\u00e7\u00f5es de mitiga\u00e7\u00e3o, qual seria sua prioridade?<\/h5>\n<p>&nbsp;<\/p>\n<h5>Refer\u00eancias:<br \/>\n1. Portaria n\u00ba 1.419, de 27.08.2024<\/h5>\n<h5>2. Estat\u00edsticas do INSS: https:\/\/tinyurl.com\/3t9mswp6<\/h5>\n<h5>3. 3. Site do TRT 13\u00aa Regi\u00e3o: https:\/\/tinyurl.com\/34ae7zya<\/h5>\n<p>&nbsp;<\/p>\n","protected":false},"excerpt":{"rendered":"<p>A partir de 26 de maio de 2025, as empresas brasileiras ter\u00e3o que incluir a identifica\u00e7\u00e3o e o gerenciamento dos riscos psicossociais no Programa de Gerenciamento de Riscos (PGR) (1). &nbsp; Estat\u00edsticas do INSS (2) de benef\u00edcios acident\u00e1rios mostram acidentes t\u00edpicos com 60% do total de benef\u00edcios concedidos, enquanto os por doen\u00e7as osteomusculares s\u00e3o de [&hellip;]<\/p>\n","protected":false},"author":4,"featured_media":10417,"comment_status":"open","ping_status":"open","sticky":false,"template":"","format":"standard","meta":{"_acf_changed":false,"_editorskit_title_hidden":false,"_editorskit_reading_time":0,"_editorskit_is_block_options_detached":false,"_editorskit_block_options_position":"{}","footnotes":""},"categories":[10],"tags":[],"class_list":["post-9904","post","type-post","status-publish","format-standard","has-post-thumbnail","hentry","category-posts"],"acf":[],"_links":{"self":[{"href":"https:\/\/www.sigoweb.com.br\/site\/wp-json\/wp\/v2\/posts\/9904","targetHints":{"allow":["GET"]}}],"collection":[{"href":"https:\/\/www.sigoweb.com.br\/site\/wp-json\/wp\/v2\/posts"}],"about":[{"href":"https:\/\/www.sigoweb.com.br\/site\/wp-json\/wp\/v2\/types\/post"}],"author":[{"embeddable":true,"href":"https:\/\/www.sigoweb.com.br\/site\/wp-json\/wp\/v2\/users\/4"}],"replies":[{"embeddable":true,"href":"https:\/\/www.sigoweb.com.br\/site\/wp-json\/wp\/v2\/comments?post=9904"}],"version-history":[{"count":7,"href":"https:\/\/www.sigoweb.com.br\/site\/wp-json\/wp\/v2\/posts\/9904\/revisions"}],"predecessor-version":[{"id":10418,"href":"https:\/\/www.sigoweb.com.br\/site\/wp-json\/wp\/v2\/posts\/9904\/revisions\/10418"}],"wp:featuredmedia":[{"embeddable":true,"href":"https:\/\/www.sigoweb.com.br\/site\/wp-json\/wp\/v2\/media\/10417"}],"wp:attachment":[{"href":"https:\/\/www.sigoweb.com.br\/site\/wp-json\/wp\/v2\/media?parent=9904"}],"wp:term":[{"taxonomy":"category","embeddable":true,"href":"https:\/\/www.sigoweb.com.br\/site\/wp-json\/wp\/v2\/categories?post=9904"},{"taxonomy":"post_tag","embeddable":true,"href":"https:\/\/www.sigoweb.com.br\/site\/wp-json\/wp\/v2\/tags?post=9904"}],"curies":[{"name":"wp","href":"https:\/\/api.w.org\/{rel}","templated":true}]}}