{"id":9537,"date":"2024-10-23T14:33:10","date_gmt":"2024-10-23T17:33:10","guid":{"rendered":"https:\/\/www.sigoweb.com.br\/site\/?p=9537"},"modified":"2025-02-13T13:27:57","modified_gmt":"2025-02-13T16:27:57","slug":"atencao-especial-ao-trabalhador-reducao-de-afastamentos-de-horas-de-trabalho-perdidas-de-custos-do-fap","status":"publish","type":"post","link":"https:\/\/www.sigoweb.com.br\/site\/atencao-especial-ao-trabalhador-reducao-de-afastamentos-de-horas-de-trabalho-perdidas-de-custos-do-fap\/","title":{"rendered":"Aten\u00e7\u00e3o especial ao trabalhador: redu\u00e7\u00e3o de afastamentos, de horas de trabalho perdidas, de custos, do FAP&#8230;"},"content":{"rendered":"<p>&nbsp;<\/p>\n<h5 style=\"text-align: justify;\">A s\u00edndrome\u00a0metab\u00f3lica \u00e9 um\u00a0conjunto de doen\u00e7as que, associadas, v\u00e3o levar ao aumento do risco de problemas cardiovasculares, Estas doen\u00e7as\u00a0s\u00e3o\u00a0a obesidade, principalmente \u00e0quela caracterizada com aumento de cintura abdominal, press\u00e3o alta, altera\u00e7\u00f5es de colesterol, triglic\u00e9rides\u00a0e\u00a0glicemia.<\/h5>\n<h5 style=\"text-align: justify;\"><\/h5>\n<h5 style=\"text-align: justify;\">Problemas desse tipo tendem a afetar diretamente o desempenho no trabalho. Um deles \u00e9 a perda da produtividade onde trabalhadores adoecidos n\u00e3o podem executar suas tarefas normalmente,\u00a0muitas vezes, precisando se ausentar. Isso pode reduzir consideravelmente a rentabilidade do neg\u00f3cio e prejudicar a equipe.<\/h5>\n<h5 style=\"text-align: justify;\"><\/h5>\n<h5 style=\"text-align: justify;\">Mesmo que uma doen\u00e7a n\u00e3o leve ao afastamento, ela pode prejudicar a concentra\u00e7\u00e3o do trabalhador. Isso aumenta as chances de acidentes o que \u00e9 especialmente perigoso em alguns setores.<\/h5>\n<h5 style=\"text-align: justify;\"><\/h5>\n<h5 style=\"text-align: justify;\">Em rela\u00e7\u00e3o a doen\u00e7as, indiv\u00edduos identificados por alguma ocorr\u00eancia precisar\u00e3o receber aten\u00e7\u00e3o especial. Entretanto, restringir essa aten\u00e7\u00e3o para pessoas j\u00e1 adoecidas n\u00e3o se constitui em uma pr\u00e1tica preventiva: \u00e9 preciso atuar antes dos fatos ocorrerem.<\/h5>\n<h5 style=\"text-align: justify;\"><\/h5>\n<h5 style=\"text-align: justify;\">Cada vez mais as empresas est\u00e3o investindo no acompanhamento m\u00e9dico preventivo dos colaboradores como forma de evitar problemas cr\u00f4nicos de sa\u00fade, reduzir afastamentos e alavancar a redu\u00e7\u00e3o de custos.<\/h5>\n<h5 style=\"text-align: justify;\"><\/h5>\n<h5 style=\"text-align: justify;\">Uma forma significativa de atuar \u00e9 investir na implanta\u00e7\u00e3o de ambulat\u00f3rio pr\u00f3prio na empresa, que funciona como um centro de aten\u00e7\u00e3o prim\u00e1ria supervisionado por m\u00e9dico.\u00a0 Essa estrutura pode ser vi\u00e1vel para grandes empresas, mas n\u00e3o para m\u00e9dias e pequenas. Essas podem ter nos Prestadores de Servi\u00e7o em SST o suporte que necessitam.<\/h5>\n<h5 style=\"text-align: justify;\"><\/h5>\n<h5 style=\"text-align: justify;\">Ao deixarem de ser apenas geradores de documentos, numa atividade eminentemente cartorial e incentivada pelos clientes que apenas buscam esse tipo de presta\u00e7\u00e3o de servi\u00e7o, e passarem a desempenhar fun\u00e7\u00f5es gerenciais em outros servi\u00e7os, agregam valor ao seu trabalho.<\/h5>\n<h5 style=\"text-align: justify;\"><\/h5>\n<h5 style=\"text-align: justify;\">Aten\u00e7\u00e3o Especial ao colaborador, ou se preferirem denominar de Aten\u00e7\u00e3o Prim\u00e1ria \u00e0 Sa\u00fade, funciona como um complemento vi\u00e1vel ao modelo de gest\u00e3o de sa\u00fade adotado atualmente por muitas empresas, ou at\u00e9 mesmo como alternativa para ele.<\/h5>\n<h5 style=\"text-align: justify;\"><\/h5>\n<h5 style=\"text-align: justify;\">O plano de sa\u00fade empresarial \u00e9 um grande benef\u00edcio para o colaborador, mas por outro lado, gera um custo elevado para a organiza\u00e7\u00e3o, al\u00e9m de que esse valor \u00e9 a cada ano reajustado acima da infla\u00e7\u00e3o.<\/h5>\n<h5 style=\"text-align: justify;\"><\/h5>\n<h5 style=\"text-align: justify;\">A empresa arca com o custo do plano empresarial e quando o colaborador se afasta por quest\u00e3o relacionada \u00e0 sa\u00fade, \u00e9 a organiza\u00e7\u00e3o que paga tamb\u00e9m. Se a esse afastamento sucede encaminhamento \u00e0 Previd\u00eancia, poder\u00e1 ser concedido ao trabalhador um benef\u00edcio acident\u00e1rio (B91), o qual impacta no FAP e o RAT ter\u00e1 um valor maior.<\/h5>\n<h5 style=\"text-align: justify;\"><\/h5>\n<h5 style=\"text-align: justify;\">Ou seja: custo com o plano, com o afastamento, com o RAT e por esse, sobre a folha de pagamento.<\/h5>\n<h5 style=\"text-align: justify;\"><\/h5>\n<h5 style=\"text-align: justify;\">Assim, a despesa impacta de forma relevante no or\u00e7amento, o que pode motivar medidas para reduzir os custos, como a desist\u00eancia da ades\u00e3o ao plano ou a redu\u00e7\u00e3o na oferta de alguns procedimentos, ou ainda a troca do atual plano por outro mais barato, e evidentemente de qualidade inferior.<\/h5>\n<h5 style=\"text-align: justify;\"><\/h5>\n<h5 style=\"text-align: justify;\">A empresa n\u00e3o tem interesse em deixar o colaborador desamparado, mas enfrenta o desafio de reduzir custos sem perder qualidade do que \u00e9 oferecido, e uma alternativa \u00e9 cuidar da sa\u00fade e seguran\u00e7a dos trabalhadores de forma mais intensa e documentada da que ocorre atualmente.<\/h5>\n<h5 style=\"text-align: justify;\"><\/h5>\n<h5 style=\"text-align: justify;\">O item \u201csa\u00fade\u201d tem acompanhamento disperso dentro das empresas, distribu\u00eddo entre respons\u00e1veis pela gest\u00e3o do plano de sa\u00fade, da sa\u00fade ocupacional e dos programas de promo\u00e7\u00e3o da sa\u00fade e qualidade de vida, vacina\u00e7\u00f5es, gest\u00f5es de afastamentos e afastados, estresse, casos cr\u00f4nicos entre outros.<\/h5>\n<h5 style=\"text-align: justify;\"><\/h5>\n<h5 style=\"text-align: justify;\">A ado\u00e7\u00e3o de pr\u00e1ticas para a Aten\u00e7\u00e3o Especial ao colaborador, ou se preferirem o termo da Aten\u00e7\u00e3o Prim\u00e1ria \u00e0 Sa\u00fade, poder\u00e1 ser uma op\u00e7\u00e3o mais barata para a empresa e com isso se democratiza o acesso \u00e0s facilidades ofertadas pela Aten\u00e7\u00e3o Especial.<\/h5>\n<h5 style=\"text-align: justify;\"><\/h5>\n<h5 style=\"text-align: justify;\">Do ponto de vista operacional, o Prestador de servi\u00e7o que cuida da SST tem todas as condi\u00e7\u00f5es de cuidar da sa\u00fade total dos colaboradores de seus clientes, bem como colaborar para melhorar a sa\u00fade econ\u00f4mica da organiza\u00e7\u00e3o, pela redu\u00e7\u00e3o de custos originada no atendimento \u201cdomiciliar\u201d de seus colaboradores, reduzindo afastamentos e por extens\u00e3o, diminuindo o FAP.<\/h5>\n<h5 style=\"text-align: justify;\"><\/h5>\n<h5 style=\"text-align: justify;\">A Aten\u00e7\u00e3o Especial consiste em uma abordagem estruturada e mediada por recurso informatizado, e onde se prioriza a preven\u00e7\u00e3o das doen\u00e7as, por meio de orienta\u00e7\u00e3o, diagn\u00f3stico precoce e acompanhamento sist\u00eamico entre outros. Nela se funde a atua\u00e7\u00e3o da sa\u00fade ocupacional, assistencial e todos os programas apontados sob a rubrica da \u201csa\u00fade\u201d.<\/h5>\n<h5 style=\"text-align: justify;\"><\/h5>\n<h5 style=\"text-align: justify;\">Al\u00e9m de ser uma maneira efetiva na redu\u00e7\u00e3o de custos em sa\u00fade, ela ainda \u00e9 capaz de, em alguns locais,\u00a0resolver cerca de 80% das queixas dos pacientes. \u00c9 uma solu\u00e7\u00e3o relativamente simples e seu funcionamento \u00e9 baseado no atendimento \u00e0 pacientes sem que haja encaminhamento direto \u00e0s inst\u00e2ncias de presta\u00e7\u00e3o de servi\u00e7o mais sofisticadas, onde casos de simples resolu\u00e7\u00e3o podem resultar em excesso de meios de diagn\u00f3sticos, de consultas a especialistas e de interna\u00e7\u00f5es hospitalares que n\u00e3o beneficiam os pacientes e apenas os planos de sa\u00fade.<\/h5>\n<h5 style=\"text-align: justify;\"><\/h5>\n<h5 style=\"text-align: justify;\">Os custosos planos de sa\u00fade n\u00e3o oferecem servi\u00e7os essenciais, b\u00e1sicos mas n\u00e3o menos relevantes, como avalia\u00e7\u00f5es em caso de detec\u00e7\u00e3o precoce de qualquer anormalidade como por exemplo: sobrepeso; hipertens\u00e3o arterial leve; discreta eleva\u00e7\u00e3o de glicose no sangue; lombalgias que se repetem assim como dores no punho ou ombros que podem ser sinais e sintomas de complica\u00e7\u00f5es osteomusculares; fadigas inexplic\u00e1veis e ins\u00f4nias que talvez sejam manifesta\u00e7\u00f5es iniciais de dist\u00farbios psicossociais.<\/h5>\n<h5 style=\"text-align: justify;\"><\/h5>\n<h5 style=\"text-align: justify;\">A Aten\u00e7\u00e3o Especial oferece esses servi\u00e7os preventivos atrav\u00e9s de uma equipe multidisciplinar constitu\u00edda por m\u00e9dicos, pessoal de enfermagem, ergonomistas, fisioterapeutas, psic\u00f3logos e nutricionistas, ente outros profissionais. Ao atender \u00e0s demandas gerais, tamb\u00e9m se comporta como \u201cporta de entrada\u201d para o necess\u00e1rio encaminhamento de casos mais complexos, que requerem avalia\u00e7\u00e3o mais aprofundada.<\/h5>\n<h5 style=\"text-align: justify;\"><\/h5>\n<h5 style=\"text-align: justify;\">A equipe da Aten\u00e7\u00e3o Especial tamb\u00e9m pode acompanhar doen\u00e7as j\u00e1 estabelecidas, os casos cr\u00f4nicos, sem que haja necessidade de regulares e custosas visitas \u00e0 especialistas. Ainda, os afastados por benef\u00edcios previdenci\u00e1rios podem receber cuidados oferecidos pela equipe, para melhorar suas condi\u00e7\u00f5es e proporcionar boas condi\u00e7\u00f5es de retorno ao trabalho.<\/h5>\n<h5 style=\"text-align: justify;\"><\/h5>\n<h5 style=\"text-align: justify;\">Na sua ess\u00eancia, a Aten\u00e7\u00e3o Especial cuida das pessoas e n\u00e3o apenas trata doen\u00e7as ou condi\u00e7\u00f5es espec\u00edficas, e \u00e9 uma oportunidade para Prestadores de servi\u00e7o em SST aumentarem seus ganhos ao mesmo tempo que os clientes reduzem custos e melhoram a sa\u00fade de seus colaboradores.<\/h5>\n<h5 style=\"text-align: justify;\"><\/h5>\n<h5 style=\"text-align: justify;\">A implanta\u00e7\u00e3o da Aten\u00e7\u00e3o Especial traz muitos benef\u00edcios econ\u00f4micos para as empresas e atinge diretamente a melhoria da sa\u00fade do colaborador pois proporciona:<\/h5>\n<ul style=\"text-align: justify;\">\n<li>\n<h5>Economia com exames, tratamentos e hospitaliza\u00e7\u00f5es;<\/h5>\n<\/li>\n<li>\n<h5>Redu\u00e7\u00e3o nas taxas de absente\u00edsmo;<\/h5>\n<\/li>\n<li>\n<h5>Colaboradores mais saud\u00e1veis e motivados;<\/h5>\n<\/li>\n<li>\n<h5>Maior produtividade;<\/h5>\n<\/li>\n<li>\n<h5>Moderniza\u00e7\u00e3o do sistema de gest\u00e3o;<\/h5>\n<\/li>\n<li>\n<h5>Melhora da imagem da empresa.<\/h5>\n<\/li>\n<\/ul>\n<h5 style=\"text-align: justify;\"><\/h5>\n<h5 style=\"text-align: justify;\">\u201cPrevenir \u00e9 melhor do que remediar\u201d. Essa frase \u00e9 adequada tanto para pacientes que se beneficiam da preven\u00e7\u00e3o com menos complica\u00e7\u00f5es e mais qualidade de vida, assim como est\u00e1 comprovado que a preven\u00e7\u00e3o de doen\u00e7as \u00e9 uma maneira de reduzir custos.<\/h5>\n<h5 style=\"text-align: justify;\"><\/h5>\n<h5 style=\"text-align: justify;\">Por isso, a ado\u00e7\u00e3o do projeto da Aten\u00e7\u00e3o Especial para promover pr\u00e1ticas de preven\u00e7\u00e3o de doen\u00e7as e de promo\u00e7\u00e3o da sa\u00fade n\u00e3o pode ser considerada um gasto sup\u00e9rfluo. S\u00e3o medidas efetivas de otimiza\u00e7\u00e3o da sa\u00fade financeira da empresa, devendo ser enxergadas como investimentos a m\u00e9dio prazo. Embora, no in\u00edcio, elas demandem um maior esfor\u00e7o da empresa, logo as pr\u00e1ticas adotadas se convertem em benef\u00edcios.<\/h5>\n<h5 style=\"text-align: justify;\"><\/h5>\n<h5 style=\"text-align: justify;\">Em rela\u00e7\u00e3o \u00e0 Aten\u00e7\u00e3o Especial, e seguindo a linha de recitar velhos ad\u00e1gios populares, h\u00e1 aquele que diz que \u201cO \u00f3timo \u00e9 inimigo do bom\u201d. Digo isso porque iniciar um projeto de Aten\u00e7\u00e3o Especial n\u00e3o requer sofisticados projetos de implanta\u00e7\u00e3o e apenas depende do compartilhamento de objetivos entre a empresa, prestadores de servi\u00e7o em SST e os benefici\u00e1rios diretos da iniciativa, os trabalhadores.<\/h5>\n<h5 style=\"text-align: justify;\"><\/h5>\n<h5 style=\"text-align: justify;\">\u00c9 importante iniciar o trabalho em grupos menores e a proximidade geogr\u00e1fica deve ser considerada, para que haja facilidades de acesso \u00e0s solu\u00e7\u00f5es oferecidas. \u00c0 medida que se estabelecem rotinas bem definidas, que a confian\u00e7a no sistema seja obtida, \u00e9 poss\u00edvel expandir a Aten\u00e7\u00e3o Especial para familiares e aposentados.<\/h5>\n<h5 style=\"text-align: justify;\"><\/h5>\n<h5 style=\"text-align: justify;\">Finalmente, h\u00e1 a necessidade de ferramentas digitais para otimizar as atividades.<\/h5>\n<h5 style=\"text-align: justify;\"><\/h5>\n<h5 style=\"text-align: justify;\">Os casos de doen\u00e7as j\u00e1 definidas ou de sinais\/sintomas que o trabalhador apresenta e que exigem cuidados, avalia\u00e7\u00f5es e diagn\u00f3stico antes que se instale uma doen\u00e7a e essa cronifique, s\u00e3o detectados atrav\u00e9s de diversas origens, como mostra a imagem.<\/h5>\n<p><img fetchpriority=\"high\" decoding=\"async\" class=\"size-full wp-image-9538 aligncenter\" src=\"https:\/\/www.sigoweb.com.br\/site\/wp-content\/uploads\/2024\/10\/ScreenHunter_650-Oct.-23-14.28.jpg\" alt=\"\" width=\"579\" height=\"229\" srcset=\"https:\/\/www.sigoweb.com.br\/site\/wp-content\/uploads\/2024\/10\/ScreenHunter_650-Oct.-23-14.28.jpg 579w, https:\/\/www.sigoweb.com.br\/site\/wp-content\/uploads\/2024\/10\/ScreenHunter_650-Oct.-23-14.28-300x119.jpg 300w\" sizes=\"(max-width: 579px) 100vw, 579px\" \/><\/p>\n<h5 style=\"text-align: justify;\"><\/h5>\n<h5 style=\"text-align: justify;\">Todo esse processo \u00e9 mediado pelo SIGOWeb, que oferece funcionalidades para que diversos usu\u00e1rios do setor de sa\u00fade possam encaminhar casos que requeiram Aten\u00e7\u00e3o Especial. Essa por sua vez tem uma tecnologia sist\u00eamica para facilitar os controles, enviar question\u00e1rios ao trabalhador, monitoramentos, documenta\u00e7\u00e3o do que se est\u00e1 fazendo, o que inclui um prontu\u00e1rio eletr\u00f4nico do paciente, acess\u00edvel a todos que participam dos cuidados oferecidos, bem como possibilidade de comunica\u00e7\u00e3o interna entre os componentes da equipe.<\/h5>\n<h5 style=\"text-align: justify;\"><\/h5>\n<h5 style=\"text-align: justify;\">Ainda, diversos relat\u00f3rios gerenciais s\u00e3o disponibilizados, o que permite auditorias internas e dados estat\u00edsticos diversos.<\/h5>\n<h5 style=\"text-align: justify;\"><\/h5>\n<p>&nbsp;<\/p>\n<p>&nbsp;<\/p>\n<p>&nbsp;<\/p>\n<p>&nbsp;<\/p>\n","protected":false},"excerpt":{"rendered":"<p>&nbsp; A s\u00edndrome\u00a0metab\u00f3lica \u00e9 um\u00a0conjunto de doen\u00e7as que, associadas, v\u00e3o levar ao aumento do risco de problemas cardiovasculares, Estas doen\u00e7as\u00a0s\u00e3o\u00a0a obesidade, principalmente \u00e0quela caracterizada com aumento de cintura abdominal, press\u00e3o alta, altera\u00e7\u00f5es de colesterol, triglic\u00e9rides\u00a0e\u00a0glicemia. Problemas desse tipo tendem a afetar diretamente o desempenho no trabalho. Um deles \u00e9 a perda da produtividade onde trabalhadores [&hellip;]<\/p>\n","protected":false},"author":4,"featured_media":10432,"comment_status":"open","ping_status":"open","sticky":false,"template":"","format":"standard","meta":{"_acf_changed":false,"_editorskit_title_hidden":false,"_editorskit_reading_time":0,"_editorskit_is_block_options_detached":false,"_editorskit_block_options_position":"{}","footnotes":""},"categories":[10],"tags":[],"class_list":["post-9537","post","type-post","status-publish","format-standard","has-post-thumbnail","hentry","category-posts"],"acf":[],"_links":{"self":[{"href":"https:\/\/www.sigoweb.com.br\/site\/wp-json\/wp\/v2\/posts\/9537","targetHints":{"allow":["GET"]}}],"collection":[{"href":"https:\/\/www.sigoweb.com.br\/site\/wp-json\/wp\/v2\/posts"}],"about":[{"href":"https:\/\/www.sigoweb.com.br\/site\/wp-json\/wp\/v2\/types\/post"}],"author":[{"embeddable":true,"href":"https:\/\/www.sigoweb.com.br\/site\/wp-json\/wp\/v2\/users\/4"}],"replies":[{"embeddable":true,"href":"https:\/\/www.sigoweb.com.br\/site\/wp-json\/wp\/v2\/comments?post=9537"}],"version-history":[{"count":3,"href":"https:\/\/www.sigoweb.com.br\/site\/wp-json\/wp\/v2\/posts\/9537\/revisions"}],"predecessor-version":[{"id":10045,"href":"https:\/\/www.sigoweb.com.br\/site\/wp-json\/wp\/v2\/posts\/9537\/revisions\/10045"}],"wp:featuredmedia":[{"embeddable":true,"href":"https:\/\/www.sigoweb.com.br\/site\/wp-json\/wp\/v2\/media\/10432"}],"wp:attachment":[{"href":"https:\/\/www.sigoweb.com.br\/site\/wp-json\/wp\/v2\/media?parent=9537"}],"wp:term":[{"taxonomy":"category","embeddable":true,"href":"https:\/\/www.sigoweb.com.br\/site\/wp-json\/wp\/v2\/categories?post=9537"},{"taxonomy":"post_tag","embeddable":true,"href":"https:\/\/www.sigoweb.com.br\/site\/wp-json\/wp\/v2\/tags?post=9537"}],"curies":[{"name":"wp","href":"https:\/\/api.w.org\/{rel}","templated":true}]}}