{"id":10749,"date":"2025-03-22T11:08:57","date_gmt":"2025-03-22T14:08:57","guid":{"rendered":"https:\/\/www.sigoweb.com.br\/site\/?p=10749"},"modified":"2025-04-15T18:38:49","modified_gmt":"2025-04-15T21:38:49","slug":"avaliacao-de-riscos-psicossociais-vamos-democratizar-o-tema","status":"publish","type":"post","link":"https:\/\/www.sigoweb.com.br\/site\/avaliacao-de-riscos-psicossociais-vamos-democratizar-o-tema\/","title":{"rendered":"Avalia\u00e7\u00e3o de riscos psicossociais: Vamos democratizar o tema?"},"content":{"rendered":"<h5 style=\"text-align: justify;\">A Resolu\u00e7\u00e3o CFP n\u00ba 02\/2003, especificamente em seu Art. 18, estabelecia que a comercializa\u00e7\u00e3o e o uso de testes psicol\u00f3gicos seriam restritos a psic\u00f3logos regularmente inscritos no Conselho Regional de Psicologia, al\u00e9m de exigir um psic\u00f3logo como respons\u00e1vel t\u00e9cnico por esses instrumentos. No entanto, essa disposi\u00e7\u00e3o foi declarada inconstitucional pelo Supremo Tribunal Federal (STF) em mar\u00e7o de 2021, ap\u00f3s o julgamento da A\u00e7\u00e3o Direta de Inconstitucionalidade n\u00ba 3481, que tramitava desde 2005.<\/h5>\n<h5 style=\"text-align: justify;\"><\/h5>\n<h5 style=\"text-align: justify;\">Essa decis\u00e3o do STF ganha relev\u00e2ncia no contexto da crescente exig\u00eancia de avalia\u00e7\u00e3o de riscos psicossociais em todas as empresas no Brasil. A quantidade de empresas que necessitam dessa avalia\u00e7\u00e3o supera em muito o n\u00famero de psic\u00f3logos organizacionais dispon\u00edveis, tornando a restri\u00e7\u00e3o anterior impratic\u00e1vel.<\/h5>\n<h5 style=\"text-align: justify;\"><\/h5>\n<h5 style=\"text-align: justify;\">Al\u00e9m disso, a distin\u00e7\u00e3o entre a aplica\u00e7\u00e3o de testes e a interven\u00e7\u00e3o psicossocial \u00e9 crucial. A elabora\u00e7\u00e3o de testes visa \u00e0 avalia\u00e7\u00e3o, que, por sua vez, demanda medidas corretivas. \u00c9 na implementa\u00e7\u00e3o dessas medidas que o papel do psic\u00f3logo organizacional se torna insubstitu\u00edvel.<\/h5>\n<h5 style=\"text-align: justify;\"><\/h5>\n<h5 style=\"text-align: justify;\">Uma analogia \u00fatil \u00e9 comparar os testes aos exames m\u00e9dicos e a interven\u00e7\u00e3o psicossocial ao tratamento. Nesse sentido, a Portaria n\u00ba 1419, que institui a informa\u00e7\u00e3o dos riscos psicossociais no Programa de Gerenciamento de Riscos (PGR), demonstra sabedoria ao n\u00e3o definir respons\u00e1veis espec\u00edficos pelas avalia\u00e7\u00f5es.<\/h5>\n<h5 style=\"text-align: justify;\"><\/h5>\n<h5 style=\"text-align: justify;\">A implementa\u00e7\u00e3o eficaz da avalia\u00e7\u00e3o de riscos psicossociais exige solu\u00e7\u00f5es pr\u00e1ticas, acess\u00edveis e economicamente vi\u00e1veis, especialmente para pequenas e m\u00e9dias empresas, que s\u00e3o pilares da economia brasileira. Essas organiza\u00e7\u00f5es frequentemente enfrentam limita\u00e7\u00f5es de recursos, dificultando a realiza\u00e7\u00e3o de avalia\u00e7\u00f5es abrangentes e a ado\u00e7\u00e3o de medidas preventivas.<\/h5>\n<h5 style=\"text-align: justify;\"><\/h5>\n<h5 style=\"text-align: justify;\">\u00c9 fundamental reconhecer que pequenas empresas empregam trabalhadores que merecem a mesma aten\u00e7\u00e3o \u00e0 sa\u00fade e seguran\u00e7a que os de grandes corpora\u00e7\u00f5es. Portanto, o desenvolvimento de solu\u00e7\u00f5es otimizadas para a avalia\u00e7\u00e3o de riscos psicossociais \u00e9 crucial para evitar que essa iniciativa promissora seja comprometida por obst\u00e1culos estruturais.<\/h5>\n<h5 style=\"text-align: justify;\"><\/h5>\n","protected":false},"excerpt":{"rendered":"<p>A Resolu\u00e7\u00e3o CFP n\u00ba 02\/2003, especificamente em seu Art. 18, estabelecia que a comercializa\u00e7\u00e3o e o uso de testes psicol\u00f3gicos seriam restritos a psic\u00f3logos regularmente inscritos no Conselho Regional de Psicologia, al\u00e9m de exigir um psic\u00f3logo como respons\u00e1vel t\u00e9cnico por esses instrumentos. No entanto, essa disposi\u00e7\u00e3o foi declarada inconstitucional pelo Supremo Tribunal Federal (STF) em [&hellip;]<\/p>\n","protected":false},"author":4,"featured_media":10853,"comment_status":"open","ping_status":"open","sticky":false,"template":"","format":"standard","meta":{"_acf_changed":false,"_editorskit_title_hidden":false,"_editorskit_reading_time":0,"_editorskit_is_block_options_detached":false,"_editorskit_block_options_position":"{}","footnotes":""},"categories":[10],"tags":[],"class_list":["post-10749","post","type-post","status-publish","format-standard","has-post-thumbnail","hentry","category-posts"],"acf":[],"_links":{"self":[{"href":"https:\/\/www.sigoweb.com.br\/site\/wp-json\/wp\/v2\/posts\/10749","targetHints":{"allow":["GET"]}}],"collection":[{"href":"https:\/\/www.sigoweb.com.br\/site\/wp-json\/wp\/v2\/posts"}],"about":[{"href":"https:\/\/www.sigoweb.com.br\/site\/wp-json\/wp\/v2\/types\/post"}],"author":[{"embeddable":true,"href":"https:\/\/www.sigoweb.com.br\/site\/wp-json\/wp\/v2\/users\/4"}],"replies":[{"embeddable":true,"href":"https:\/\/www.sigoweb.com.br\/site\/wp-json\/wp\/v2\/comments?post=10749"}],"version-history":[{"count":2,"href":"https:\/\/www.sigoweb.com.br\/site\/wp-json\/wp\/v2\/posts\/10749\/revisions"}],"predecessor-version":[{"id":10752,"href":"https:\/\/www.sigoweb.com.br\/site\/wp-json\/wp\/v2\/posts\/10749\/revisions\/10752"}],"wp:featuredmedia":[{"embeddable":true,"href":"https:\/\/www.sigoweb.com.br\/site\/wp-json\/wp\/v2\/media\/10853"}],"wp:attachment":[{"href":"https:\/\/www.sigoweb.com.br\/site\/wp-json\/wp\/v2\/media?parent=10749"}],"wp:term":[{"taxonomy":"category","embeddable":true,"href":"https:\/\/www.sigoweb.com.br\/site\/wp-json\/wp\/v2\/categories?post=10749"},{"taxonomy":"post_tag","embeddable":true,"href":"https:\/\/www.sigoweb.com.br\/site\/wp-json\/wp\/v2\/tags?post=10749"}],"curies":[{"name":"wp","href":"https:\/\/api.w.org\/{rel}","templated":true}]}}