{"id":10137,"date":"2024-12-21T14:24:15","date_gmt":"2024-12-21T17:24:15","guid":{"rendered":"https:\/\/www.sigoweb.com.br\/site\/?p=10137"},"modified":"2025-02-13T11:23:28","modified_gmt":"2025-02-13T14:23:28","slug":"cni-entra-com-acao-no-stf-para-pedir-revisao-do-entendimento-sobre-ruido","status":"publish","type":"post","link":"https:\/\/www.sigoweb.com.br\/site\/cni-entra-com-acao-no-stf-para-pedir-revisao-do-entendimento-sobre-ruido\/","title":{"rendered":"CNI entra com a\u00e7\u00e3o no STF para pedir revis\u00e3o do entendimento sobre ru\u00eddo"},"content":{"rendered":"<h5 style=\"text-align: justify;\">J\u00e1 estava na hora disso ocorrer, ali\u00e1s, passando da hora.<\/h5>\n<h5 style=\"text-align: justify;\">A decis\u00e3o sobre a inutilidade da prote\u00e7\u00e3o individual, que a Receita Federal ampliou para a coletiva, est\u00e1 na ARE 664.335.<\/h5>\n<h5 style=\"text-align: justify;\">Rodrigo Ferreira aponta na ARE o que denomina de \u201ctese ilegal\u201d; no livro TRIBUTA\u00c7\u00c3O DOS RISCOS NO AMBIENTE DE TRABALHO, onde tive o prazer de ser autor de dois cap\u00edtulos, sendo um deles esse, na Parte 3, o Cap\u00edtulo 3: \u201cARE 664.335: Uma an\u00e1lise cr\u00edtica t\u00e9cnico-cient\u00edfica\u201d, apontei a insufici\u00eancia na fundamenta\u00e7\u00e3o te\u00f3rica utilizada para chegar aonde chegaram, utilizando apenas 4 refer\u00eancias bibliogr\u00e1ficas.<\/h5>\n<h5 style=\"text-align: justify;\">Pincei do texto esses par\u00e1grafos sobre a fundamenta\u00e7\u00e3o da ARE:<\/h5>\n<h5 style=\"text-align: justify;\">As fundamenta\u00e7\u00f5es para as decis\u00f5es apresentadas na ARE foram extra\u00eddas das quatro refer\u00eancias citadas. Como se observa pelo conte\u00fado do que as refer\u00eancias cont\u00eam, h\u00e1 s\u00e9rios problemas de justifica\u00e7\u00e3o das decis\u00f5es, o que compromete as validades jur\u00eddicas adotadas. Uma legisla\u00e7\u00e3o com tamanha relev\u00e2ncia como a ARE precisaria ser melhor fundamentada.<\/h5>\n<h5 style=\"text-align: justify;\">N\u00e3o houve a consulta direta a nenhum especialista em \u00e1reas de sa\u00fade e seguran\u00e7a do trabalho. As conclus\u00f5es partiram da an\u00e1lise de um livro e um artigo publicado em revista t\u00e9cnica, elaborados por advogados que se utilizaram de cita\u00e7\u00f5es de terceiros para redigir seus trabalhos; \u00e9 citado um Manual elaborado pelo Minist\u00e9rio da Sa\u00fade e o \u00fanico documento escrito por m\u00e9dico com vincula\u00e7\u00e3o \u00e0 sa\u00fade ocupacional foi publicado em uma revista t\u00e9cnica.<\/h5>\n<h5 style=\"text-align: justify;\">Como visto pela escassa bibliografia utilizada na fundamenta\u00e7\u00e3o da ARE, que cont\u00e9m afirmativas que atribuem uma import\u00e2ncia exagerada da via \u00f3ssea, ou mesmo com um vi\u00e9s de compreens\u00e3o da realidade na \u00eanfase da exist\u00eancia de estresse diante da exposi\u00e7\u00e3o ao ru\u00eddo sem considerar que na verdade o uso do EPI reduz esse estresse, ocorreram decis\u00f5es equivocadas de declarar a inefic\u00e1cia \u201cjur\u00eddica\u201d do EPI auditivo diante do ru\u00eddo ocupacional.<\/h5>\n<h5 style=\"text-align: justify;\">Pela cita\u00e7\u00e3o de apenas quatro bibliografias que embasaram decis\u00f5es, \u00e9 poss\u00edvel perceber que n\u00e3o se realizou uma pesquisa adequada e aprofundada sobre o tema abordado. \u00c9 fundamental que sejam utilizadas fontes confi\u00e1veis e atualizadas para embasar uma decis\u00e3o jur\u00eddica, a fim de oferecer informa\u00e7\u00f5es precisas e corretas. Al\u00e9m disso, \u00e9 importante realizar uma an\u00e1lise cr\u00edtica das fontes consultadas, verificando a sua veracidade e relev\u00e2ncia para o tema em quest\u00e3o, o que n\u00e3o ocorreu.<\/h5>\n<h5 style=\"text-align: justify;\">\u00c9 inclusive recomend\u00e1vel buscar orienta\u00e7\u00e3o de profissionais das \u00e1reas de sa\u00fade e seguran\u00e7a do trabalho para auxiliar na sele\u00e7\u00e3o e an\u00e1lise adequada das fontes bibliogr\u00e1ficas.<\/h5>\n<p>&nbsp;<\/p>\n","protected":false},"excerpt":{"rendered":"<p>J\u00e1 estava na hora disso ocorrer, ali\u00e1s, passando da hora. A decis\u00e3o sobre a inutilidade da prote\u00e7\u00e3o individual, que a Receita Federal ampliou para a coletiva, est\u00e1 na ARE 664.335. Rodrigo Ferreira aponta na ARE o que denomina de \u201ctese ilegal\u201d; no livro TRIBUTA\u00c7\u00c3O DOS RISCOS NO AMBIENTE DE TRABALHO, onde tive o prazer de [&hellip;]<\/p>\n","protected":false},"author":4,"featured_media":10405,"comment_status":"open","ping_status":"open","sticky":false,"template":"","format":"standard","meta":{"_acf_changed":false,"_editorskit_title_hidden":false,"_editorskit_reading_time":0,"_editorskit_is_block_options_detached":false,"_editorskit_block_options_position":"{}","footnotes":""},"categories":[10],"tags":[],"class_list":["post-10137","post","type-post","status-publish","format-standard","has-post-thumbnail","hentry","category-posts"],"acf":[],"_links":{"self":[{"href":"https:\/\/www.sigoweb.com.br\/site\/wp-json\/wp\/v2\/posts\/10137","targetHints":{"allow":["GET"]}}],"collection":[{"href":"https:\/\/www.sigoweb.com.br\/site\/wp-json\/wp\/v2\/posts"}],"about":[{"href":"https:\/\/www.sigoweb.com.br\/site\/wp-json\/wp\/v2\/types\/post"}],"author":[{"embeddable":true,"href":"https:\/\/www.sigoweb.com.br\/site\/wp-json\/wp\/v2\/users\/4"}],"replies":[{"embeddable":true,"href":"https:\/\/www.sigoweb.com.br\/site\/wp-json\/wp\/v2\/comments?post=10137"}],"version-history":[{"count":2,"href":"https:\/\/www.sigoweb.com.br\/site\/wp-json\/wp\/v2\/posts\/10137\/revisions"}],"predecessor-version":[{"id":10406,"href":"https:\/\/www.sigoweb.com.br\/site\/wp-json\/wp\/v2\/posts\/10137\/revisions\/10406"}],"wp:featuredmedia":[{"embeddable":true,"href":"https:\/\/www.sigoweb.com.br\/site\/wp-json\/wp\/v2\/media\/10405"}],"wp:attachment":[{"href":"https:\/\/www.sigoweb.com.br\/site\/wp-json\/wp\/v2\/media?parent=10137"}],"wp:term":[{"taxonomy":"category","embeddable":true,"href":"https:\/\/www.sigoweb.com.br\/site\/wp-json\/wp\/v2\/categories?post=10137"},{"taxonomy":"post_tag","embeddable":true,"href":"https:\/\/www.sigoweb.com.br\/site\/wp-json\/wp\/v2\/tags?post=10137"}],"curies":[{"name":"wp","href":"https:\/\/api.w.org\/{rel}","templated":true}]}}