{"id":10123,"date":"2024-12-20T08:33:11","date_gmt":"2024-12-20T11:33:11","guid":{"rendered":"https:\/\/www.sigoweb.com.br\/site\/?p=10123"},"modified":"2025-02-13T11:27:32","modified_gmt":"2025-02-13T14:27:32","slug":"riscos-psicossociais-no-trabalho-uma-crise-real","status":"publish","type":"post","link":"https:\/\/www.sigoweb.com.br\/site\/riscos-psicossociais-no-trabalho-uma-crise-real\/","title":{"rendered":"Riscos psicossociais no trabalho: uma crise real?"},"content":{"rendered":"<p><img fetchpriority=\"high\" decoding=\"async\" class=\" wp-image-10122 aligncenter\" src=\"https:\/\/www.sigoweb.com.br\/site\/wp-content\/uploads\/2024\/12\/ScreenHunter_715-Dec.-20-12.28.jpg\" alt=\"\" width=\"881\" height=\"567\" \/><\/p>\n<h5 style=\"text-align: justify;\">A partir de 26.05.2025 empresas ter\u00e3o que identificar e gerenciar riscos psicossociais no PGR (1).<\/h5>\n<h5 style=\"text-align: justify;\">Estat\u00edsticas de benef\u00edcios acident\u00e1rios (INSS &#8211; (2) mostram acidentes t\u00edpicos com 60% do total de benef\u00edcios concedidos, e os por doen\u00e7as osteomusculares s\u00e3o de 10%, sendo 5 vezes mais do que os 2% das doen\u00e7as psicossociais.<\/h5>\n<p>&nbsp;<\/p>\n<h3 style=\"text-align: justify;\"><strong>A realidade dessas \u00faltimas \u00e9 mais complexa e possivelmente subnotificada por algumas raz\u00f5es:<\/strong><\/h3>\n<h5 style=\"text-align: justify;\">\u2022 Dificuldade de comprova\u00e7\u00e3o do nexo causal: \u00c9 dif\u00edcil estabelecer rela\u00e7\u00e3o direta entre doen\u00e7as psicossociais e o trabalho. Sua natureza multifatorial, com aspectos da vida pessoal e profissional, dificulta a atribui\u00e7\u00e3o exclusiva do problema ao ambiente de trabalho.<br \/>\n\u2022 Subnotifica\u00e7\u00e3o: Muitos trabalhadores podem n\u00e3o relatar os sintomas de doen\u00e7as psicossociais, seja por medo de estigma, desconhecimento ou receio de repres\u00e1lias no trabalho.<br \/>\n\u2022 Longo per\u00edodo de lat\u00eancia: As doen\u00e7as psicossociais muitas vezes se desenvolvem gradualmente, dificultando precisar o momento em que se tornaram um problema relacionado ao trabalho.<\/h5>\n<p>&nbsp;<\/p>\n<h3 style=\"text-align: justify;\"><strong>Sobre a grande disparidade de n\u00fameros:<\/strong><\/h3>\n<h5 style=\"text-align: justify;\">Acidentes com grande n\u00famero de v\u00edtimas naturalmente chamam muita aten\u00e7\u00e3o e exigem recursos urgentes. A dor f\u00edsica e as mutila\u00e7\u00f5es s\u00e3o impactantes e requerem tratamento e apoio imediatos.<\/h5>\n<h5 style=\"text-align: justify;\">Todas as doen\u00e7as exigem aten\u00e7\u00e3o, recursos adequados, compaix\u00e3o e investimento para garantir o bem-estar dos trabalhadores.<\/h5>\n<h5>Mas observe-se que doen\u00e7as osteomusculares ocorrem em n\u00famero muito maior do que as psicossociais. Embora a depress\u00e3o e estresse sejam problemas graves que afetam muitas pessoas, os n\u00fameros mostram que a preval\u00eancia no \u00e2mbito laboral n\u00e3o tem rela\u00e7\u00e3o com a import\u00e2ncia epidemiol\u00f3gica que lhe \u00e9 atribu\u00edda.<\/h5>\n<h5 style=\"text-align: justify;\">Not\u00edcia como essa que aparece no site do TRT da 13\u00aa Regi\u00e3o (Para\u00edba) (3) n\u00e3o \u00e9 incorreta mas encerra uma fal\u00e1cia: \u201cTranstornos mentais s\u00e3o a terceira maior causa de afastamento do trabalho no Brasil\u201d.<\/h5>\n<h5 style=\"text-align: justify;\">E uma pergunta provoca\u00e7\u00e3o, onde toda resposta \u00e9 sempre correta, considerando o seu entendimento: Tendo or\u00e7amento limitado para adotar a\u00e7\u00f5es de mitiga\u00e7\u00e3o, e na sua organiza\u00e7\u00e3o acidentes\/doen\u00e7as ocupacionais estiverem ocorrendo na propor\u00e7\u00e3o como elas s\u00e3o mostradas pelas estat\u00edsticas do INSS, a qual condi\u00e7\u00e3o voc\u00ea iria se debru\u00e7ar de forma priorit\u00e1ria para buscar a\u00e7\u00f5es de redu\u00e7\u00e3o?<\/h5>\n<h5 style=\"text-align: justify;\">Outra provoca\u00e7\u00e3o: Sua Organiza\u00e7\u00e3o conhece a realidade em termos de condi\u00e7\u00f5es de afastamentos (n\u00famero de acidentes t\u00edpicos, de casos de doen\u00e7as osteomusculares e psicossociais)? Sabe o seu custo direto (*)?<\/h5>\n<h5 style=\"text-align: justify;\">(*) O custo direto em afastamentos, no contexto da SST, engloba todos os gastos imediatos e mensur\u00e1veis decorrentes da aus\u00eancia de um empregado devido a um acidente de trabalho ou doen\u00e7a profissional. N\u00e3o inclui os custos indiretos, como a perda de produtividade ou a necessidade de contrata\u00e7\u00e3o de um substituto tempor\u00e1rio.<\/h5>\n<h5 style=\"text-align: justify;\"><strong>Refer\u00eancias:<\/strong><br \/>\n1. 1. Portaria n\u00ba 1.419, de 27.08.2024<br \/>\n2. 2. Estat\u00edsticas do INSS: <a href=\"https:\/\/tinyurl.com\/3t9mswp6\" target=\"_blank\" rel=\"noopener\">https:\/\/tinyurl.com\/3t9mswp6<\/a><br \/>\n3. 3. Site do TRT 13\u00aa Regi\u00e3o: <a href=\"https:\/\/tinyurl.com\/34ae7zya\" target=\"_blank\" rel=\"noopener\">https:\/\/tinyurl.com\/34ae7zya<\/a><\/h5>\n","protected":false},"excerpt":{"rendered":"<p>A partir de 26.05.2025 empresas ter\u00e3o que identificar e gerenciar riscos psicossociais no PGR (1). Estat\u00edsticas de benef\u00edcios acident\u00e1rios (INSS &#8211; (2) mostram acidentes t\u00edpicos com 60% do total de benef\u00edcios concedidos, e os por doen\u00e7as osteomusculares s\u00e3o de 10%, sendo 5 vezes mais do que os 2% das doen\u00e7as psicossociais. &nbsp; A realidade dessas [&hellip;]<\/p>\n","protected":false},"author":4,"featured_media":10409,"comment_status":"open","ping_status":"open","sticky":false,"template":"","format":"standard","meta":{"_acf_changed":false,"_editorskit_title_hidden":false,"_editorskit_reading_time":0,"_editorskit_is_block_options_detached":false,"_editorskit_block_options_position":"{}","footnotes":""},"categories":[10],"tags":[],"class_list":["post-10123","post","type-post","status-publish","format-standard","has-post-thumbnail","hentry","category-posts"],"acf":[],"_links":{"self":[{"href":"https:\/\/www.sigoweb.com.br\/site\/wp-json\/wp\/v2\/posts\/10123","targetHints":{"allow":["GET"]}}],"collection":[{"href":"https:\/\/www.sigoweb.com.br\/site\/wp-json\/wp\/v2\/posts"}],"about":[{"href":"https:\/\/www.sigoweb.com.br\/site\/wp-json\/wp\/v2\/types\/post"}],"author":[{"embeddable":true,"href":"https:\/\/www.sigoweb.com.br\/site\/wp-json\/wp\/v2\/users\/4"}],"replies":[{"embeddable":true,"href":"https:\/\/www.sigoweb.com.br\/site\/wp-json\/wp\/v2\/comments?post=10123"}],"version-history":[{"count":6,"href":"https:\/\/www.sigoweb.com.br\/site\/wp-json\/wp\/v2\/posts\/10123\/revisions"}],"predecessor-version":[{"id":10410,"href":"https:\/\/www.sigoweb.com.br\/site\/wp-json\/wp\/v2\/posts\/10123\/revisions\/10410"}],"wp:featuredmedia":[{"embeddable":true,"href":"https:\/\/www.sigoweb.com.br\/site\/wp-json\/wp\/v2\/media\/10409"}],"wp:attachment":[{"href":"https:\/\/www.sigoweb.com.br\/site\/wp-json\/wp\/v2\/media?parent=10123"}],"wp:term":[{"taxonomy":"category","embeddable":true,"href":"https:\/\/www.sigoweb.com.br\/site\/wp-json\/wp\/v2\/categories?post=10123"},{"taxonomy":"post_tag","embeddable":true,"href":"https:\/\/www.sigoweb.com.br\/site\/wp-json\/wp\/v2\/tags?post=10123"}],"curies":[{"name":"wp","href":"https:\/\/api.w.org\/{rel}","templated":true}]}}